{"id":4293,"date":"2024-11-11T11:37:27","date_gmt":"2024-11-11T11:37:27","guid":{"rendered":"https:\/\/bawso.org.uk\/?p=4293"},"modified":"2024-11-11T12:33:00","modified_gmt":"2024-11-11T12:33:00","slug":"bawso-stories-landmarks-of-personal-history","status":"publish","type":"post","link":"https:\/\/bawso.org.uk\/hu\/2024\/11\/bawso-stories-landmarks-of-personal-history\/","title":{"rendered":"Bawso-t\u00f6rt\u00e9netek: A szem\u00e9lyes t\u00f6rt\u00e9nelem m\u00e9rf\u00f6ldk\u00f6vei"},"content":{"rendered":"<p class=\"has-large-font-size\"><strong>Az esem\u00e9ny r\u00e9szletei:<\/strong><\/p>\n\n\n\n<h2 class=\"wp-block-heading has-medium-font-size\"><strong>D\u00e1tum \u00e9s id\u0151: november 13., szerda \u00b7 11:00 \u2013 12:30 GMT<\/strong><\/h2>\n\n\n\n<h2 class=\"wp-block-heading has-medium-font-size\"><strong>Elhelyezked\u00e9s<\/strong>: <strong>St. Fagans National Museum of HistorySt. Fagans Nemzeti T\u00f6rt\u00e9neti M\u00fazeum Cardiff CF5 6XB<\/strong><\/h2>\n\n\n\n<p>\u201eBawso Stories: Landmarks of Personal History\u201d egy r\u00f6vidfilmsorozat vet\u00edt\u00e9se, amelyet panelbesz\u00e9lget\u00e9s k\u00f6vet. A \u201eBawso Stories\u201d c\u00edm\u0171 kisfilmek a vil\u00e1g minden t\u00e1j\u00e1r\u00f3l Walesbe utaz\u00f3 BME-s n\u0151k \u00e9let\u00e9t \u00e9s tapasztalatait \u00fcnneplik.<\/p>\n\n\n\n<p>Az Amgueddfa Cymru t\u00e1rgyait \u00e9s helysz\u00edneit haszn\u00e1lva kiindul\u00f3pontk\u00e9nt a t\u00f6rt\u00e9netek besz\u00e9lget\u00e9sind\u00edt\u00f3k a Wales t\u00e1j\u00e1r\u00f3l sz\u00e1rmaz\u00f3 eml\u00e9kekr\u0151l \u00e9s szem\u00e9lyes pillanatokr\u00f3l. A Bawso-t\u00f6rt\u00e9netek egy\u00fcttesen a marginaliz\u00e1lt \u00e9s alulreprezent\u00e1lt \u00e9lm\u00e9nyekre h\u00edvj\u00e1k fel a figyelmet. A t\u00f6rt\u00e9netek megk\u00e9rd\u0151jelezik az \u00f6r\u00f6ks\u00e9ggel \u00e9s az \u00f6sszetartoz\u00e1ssal kapcsolatos elk\u00e9pzel\u00e9seket, \u00e9s k\u00e9pet alkotnak egy gazdag \u00e9s soksz\u00edn\u0171 Walesr\u0151l.<\/p>\n\n\n\n<p>Ezeket a t\u00f6rt\u00e9neteket az USW George Ewart Evans t\u00f6rt\u00e9netmes\u00e9l\u0151 k\u00f6zpontja, a Bawso (az egyetlen walesi csal\u00e1don bel\u00fcli er\u0151szakra specializ\u00e1l\u00f3dott szervezet, amely a BME er\u0151szak t\u00fal\u00e9l\u0151inek t\u00e1mogat\u00e1s\u00e1val foglalkozik) \u00e9s az Amgueddfa Cymru (Walesi M\u00fazeum) egy \u00e9ves projekt koprodukci\u00f3j\u00e1ban k\u00e9sz\u00edtettek.<\/p>\n\n\n\n<p>Ez az esem\u00e9ny r\u00e9sze a Being Human Festivalnak, az Egyes\u00fclt Kir\u00e1lys\u00e1g nemzeti b\u00f6lcs\u00e9szettudom\u00e1nyi fesztiv\u00e1lj\u00e1nak, amelyet 2024. november 7\u201316-\u00e1n rendeznek meg. A Londoni Egyetem Advanced Study School of Advanced Study vezet\u00e9s\u00e9vel, a Research England nagylelk\u0171 t\u00e1mogat\u00e1s\u00e1val, partners\u00e9gben a M\u0171v\u00e9szeti \u00e9s B\u00f6lcs\u00e9szettudom\u00e1nyi Kutat\u00e1si Tan\u00e1cs \u00e9s a Brit Akad\u00e9mia. Tov\u00e1bbi inform\u00e1ci\u00f3k\u00e9rt l\u00e1sd <a href=\"https:\/\/www.beinghumanfestival.org\/\">beinghumanfestival.org.<\/a><\/p>\n\n\n\n<div class=\"wp-block-buttons is-layout-flex wp-block-buttons-is-layout-flex\">\n<div class=\"wp-block-button is-style-fill\"><a class=\"wp-block-button__link has-brand-one-background-color has-background wp-element-button\" href=\"https:\/\/www.eventbrite.co.uk\/e\/bawso-stories-landmarks-of-personal-history-tickets-978216270197?aff=oddtdtcreator\">Foglaljon helyet <\/a><\/div>\n<\/div>\n\n\n\n<div style=\"height:23px\" aria-hidden=\"true\" class=\"wp-block-spacer\"><\/div>\n\n\n\n<p>\u2014<\/p>\n\n\n\n<p>Mae &#039;Straeon Bawso: Cerrig Milltir mewn Hanes Personol&#039; yn ddangosiad o gyfres o ffilmiau byrion ac wedyn trafodaeth banel. Mae&#039;r ffilmiau byrion, &#039;Straeon Bawso&#039;, yn dathlu bywydau a phrofiadau menywod Du, Asiaidd ac Ethnig Leiafrifol sydd wedi teithio i Gymru o bedwar ban byd.<\/p>\n\n\n\n<p>Gan ddefnyddio gwrthrychau a safleoedd Amgueddfa Cymru fel mannau cychwyn, mae&#039;r straeon yn cychwyn sgyrsiau am atgofion ac eiliadau personol ledled Cymru. Gyda&#039;i gilydd, mae Straeon Bawso yn tynnu sylw at brofiadau pobl a ymyleiddiwyd a heb gynrychiolaeth ddigonol. Mae&#039;r Straeon yn herio syniadau am dreftadaeth a pherthyn, ac yn creu delwedd o Gymru gyfoethog ac amrywiol.<\/p>\n\n\n\n<p>Cyd-gynhyrchwyd y straeon hyn yn ystod prosiect blwyddyn o hyd rhwng Canolfan Adrodd Stor\u00efau George Ewart Evans PDC, Bawso (yr unig sefydliad cam-drin domestig arbenigolled Asia, Led Cymru sy&#039;n ymedno tradicionace Ethnig Leiafrifol), ac Amgueddfa Cymru.<\/p>\n\n\n\n<p>Mae&#039;r digwyddiad hwn yn rhan o \u0174yl Being Human Festival, g\u0175yl genedlaethol y dyniaethau yn y DU, a gynhelir, Tachwedd 7\u201316 2024. Dan arweiniad yr Ysgol Astudiaethau Uwgoldathlundafgy, Prifigys, Research Anglia, mewn partneriaeth \u00e2 Chyngor Ymchwil y Celfyddydau a&#039;r Dyniaethau a&#039;r Academi Brydeinig. Am fwy o wybodaeth, gweller beinghumanfestival.org.<\/p>","protected":false},"excerpt":{"rendered":"<p>Event details: Date and time: Wednesday, November 13 \u00b7 11am &#8211; 12:30pm GMT Location: St. Fagans National Museum of HistorySt. Fagans National Museum of History Cardiff CF5 6XB \u2018Bawso Stories: [&hellip;]<\/p>\n","protected":false},"author":6,"featured_media":0,"comment_status":"closed","ping_status":"closed","sticky":false,"template":"","format":"standard","meta":{"_acf_changed":false,"_seopress_robots_primary_cat":"none","_seopress_titles_title":"","_seopress_titles_desc":"","_seopress_robots_index":"","footnotes":""},"categories":[17,1],"tags":[23],"class_list":["post-4293","post","type-post","status-publish","format-standard","hentry","category-events","category-news","tag-bawso-oral-stories"],"acf":[],"publishpress_future_action":{"enabled":false,"date":"2026-06-30 04:32:48","action":"change-status","newStatus":"draft","terms":[],"taxonomy":"category","extraData":[]},"publishpress_future_workflow_manual_trigger":{"enabledWorkflows":[]},"_links":{"self":[{"href":"https:\/\/bawso.org.uk\/hu\/wp-json\/wp\/v2\/posts\/4293","targetHints":{"allow":["GET"]}}],"collection":[{"href":"https:\/\/bawso.org.uk\/hu\/wp-json\/wp\/v2\/posts"}],"about":[{"href":"https:\/\/bawso.org.uk\/hu\/wp-json\/wp\/v2\/types\/post"}],"author":[{"embeddable":true,"href":"https:\/\/bawso.org.uk\/hu\/wp-json\/wp\/v2\/users\/6"}],"replies":[{"embeddable":true,"href":"https:\/\/bawso.org.uk\/hu\/wp-json\/wp\/v2\/comments?post=4293"}],"version-history":[{"count":5,"href":"https:\/\/bawso.org.uk\/hu\/wp-json\/wp\/v2\/posts\/4293\/revisions"}],"predecessor-version":[{"id":4301,"href":"https:\/\/bawso.org.uk\/hu\/wp-json\/wp\/v2\/posts\/4293\/revisions\/4301"}],"wp:attachment":[{"href":"https:\/\/bawso.org.uk\/hu\/wp-json\/wp\/v2\/media?parent=4293"}],"wp:term":[{"taxonomy":"category","embeddable":true,"href":"https:\/\/bawso.org.uk\/hu\/wp-json\/wp\/v2\/categories?post=4293"},{"taxonomy":"post_tag","embeddable":true,"href":"https:\/\/bawso.org.uk\/hu\/wp-json\/wp\/v2\/tags?post=4293"}],"curies":[{"name":"munkaf\u00fczet","href":"https:\/\/api.w.org\/{rel}","templated":true}]}}