{"id":3536,"date":"2024-02-23T16:37:20","date_gmt":"2024-02-23T16:37:20","guid":{"rendered":"https:\/\/bawso.org.uk\/?p=3536"},"modified":"2024-02-23T16:37:20","modified_gmt":"2024-02-23T16:37:20","slug":"short-relief-for-victims-of-domestic-abuse-is-not-enough","status":"publish","type":"post","link":"https:\/\/bawso.org.uk\/hu\/2024\/02\/short-relief-for-victims-of-domestic-abuse-is-not-enough\/","title":{"rendered":"A csal\u00e1don bel\u00fcli b\u00e1ntalmaz\u00e1s \u00e1ldozatainak r\u00f6vid megk\u00f6nnyebb\u00fcl\u00e9se nem elegend\u0151.\u00a0"},"content":{"rendered":"<p>\u00dcdv\u00f6z\u00f6lj\u00fck a Bel\u00fcgyminiszt\u00e9rium 16-\u00e1n tett bejelent\u00e9s\u00e9t<sup>th<\/sup> 2024. febru\u00e1r az Egyes\u00fclt Kir\u00e1lys\u00e1gban a csal\u00e1don bel\u00fcli er\u0151szak \u00e1ldozatait \u00e9rint\u0151 \u00faj v\u00e1ltoz\u00e1sokr\u00f3l. A csal\u00e1don bel\u00fcli er\u0151szak migr\u00e1ns \u00e1ldozatainak koncesszi\u00f3ja (MVDAC), amely kor\u00e1bban Destitute Domestic Violence Concession (DDVC) n\u00e9ven volt ismert, olyan v\u00e1ltoz\u00e1sokon ment kereszt\u00fcl, amelyek \u00e1tmeneti k\u00f6nny\u00edt\u00e9st biztos\u00edtanak a csal\u00e1don bel\u00fcli er\u0151szak \u00e1ldozatainak, akik partnerei egy brit migr\u00e1ns munkav\u00e1llal\u00f3nak, di\u00e1knak vagy diplom\u00e1snak. Az \u00e1ldozatok h\u00e1rom h\u00f3napig k\u00f6zp\u00e9nzb\u0151l folyamodhatnak majd a b\u00e1ntalmaz\u00f3t\u00f3l f\u00fcggetlen \u00e9lethez. Az \u00faj v\u00e1ltoztat\u00e1sok csak egy meg\u00e1ll\u00edt\u00f3 int\u00e9zked\u00e9s, amely lehet\u0151s\u00e9get ad az \u00e1ldozatoknak \u00e9s gyermekeiknek, hogy megszabaduljanak a b\u00e1ntalmaz\u00f3t\u00f3l. A 3 h\u00f3nap lej\u00e1rta ut\u00e1n az \u00e1ldozatoknak m\u00e1s bev\u00e1ndorl\u00e1si \u00fatvonalakat kell k\u00f6vetni\u00fck t\u00f6bb t\u00e1mogat\u00e1s\u00e9rt, amely nem garant\u00e1lt, mivel nem minden k\u00e9relmez\u0151 jogosult erre. Egy m\u00e1sik lehet\u0151s\u00e9g az \u00faj v\u00e1ltoz\u00e1sok \u00e9rtelm\u00e9ben, hogy az \u00e1ldozatok visszat\u00e9rjenek sz\u00e1rmaz\u00e1si orsz\u00e1gukba, ami fokozottan vesz\u00e9lyezteti \u0151ket, hogy visszaker\u00fcljenek b\u00e1ntalmaz\u00f3ik kez\u00e9be.&nbsp;<\/p>\n\n\n\n<p>Az \u00e1ldozat a hajl\u00e9ktalans\u00e1g kock\u00e1zat\u00e1val is szembes\u00fcl, \u00e9s azzal a kock\u00e1zattal, hogy a kiszolg\u00e1ltatott \u00e1ldozatokra zs\u00e1km\u00e1nyol\u00f3 emberkeresked\u0151 band\u00e1k kez\u00e9be ker\u00fcl.&nbsp;&nbsp;<\/p>\n\n\n\n<p>Szervezetk\u00e9nt amellett \u00e1llunk, hogy az Egyes\u00fclt Kir\u00e1lys\u00e1g korm\u00e1nya egys\u00e9ges\u00edtse az er\u0151szak n\u0151i \u00e1ldozatainak t\u00e1mogat\u00e1s\u00e1ra vonatkoz\u00f3 jogszab\u00e1lyokat, \u00e9s tegye lehet\u0151v\u00e9, hogy minden \u00e1ldozat hozz\u00e1f\u00e9rjen a k\u00f6zp\u00e9nzekhez, f\u00fcggetlen\u00fcl a bev\u00e1ndorl\u00e1si st\u00e1tusz\u00e1t\u00f3l. Az Egyes\u00fclt Kir\u00e1lys\u00e1g al\u00e1\u00edrta a n\u0151k v\u00e9delm\u00e9t biztos\u00edt\u00f3 nemzetk\u00f6zi szerz\u0151d\u00e9seket, de a korm\u00e1ny tov\u00e1bbra is megs\u00e9rtette ezeket a szerz\u0151d\u00e9seket az\u00e1ltal, hogy olyan t\u00f6rv\u00e9nyeket fogadott el, amelyek az Egyes\u00fclt Kir\u00e1lys\u00e1got ellens\u00e9ges k\u00f6rnyezett\u00e9 teszik az \u00e1ldozatok sz\u00e1m\u00e1ra, akik v\u00e9delmet \u00e9s t\u00e1mogat\u00e1st kereshetnek.&nbsp;&nbsp;<\/p>\n\n\n\n<p>Fellebbez\u00e9ssel fordulunk az Egyes\u00fclt Kir\u00e1lys\u00e1g korm\u00e1ny\u00e1hoz, hogy vizsg\u00e1lja fel\u00fcl d\u00f6nt\u00e9s\u00e9t.\u00a0<\/p>\n\n\n\n<p>Az \u00faj v\u00e1ltoz\u00e1sokkal kapcsolatos r\u00e9szletek\u00e9rt tekintse meg az al\u00e1bbi linket:&nbsp;<\/p>\n\n\n\n<p><a href=\"https:\/\/assets.publishing.service.gov.uk\/media\/65cb36b273806a000cec772c\/MVDAC_160224.pdf\">https:\/\/assets.publishing.service.gov.uk\/media\/65cb36b273806a000cec772c\/MVDAC_160224.pdf<\/a><\/p>","protected":false},"excerpt":{"rendered":"<p>We welcome the announcement made by the Home Office on 16th February 2024 on the new changes that affect victims of domestic abuse in the UK. The Migrant Victim of [&hellip;]<\/p>\n","protected":false},"author":6,"featured_media":0,"comment_status":"open","ping_status":"open","sticky":false,"template":"","format":"standard","meta":{"_acf_changed":false,"_seopress_robots_primary_cat":"none","_seopress_titles_title":"","_seopress_titles_desc":"","_seopress_robots_index":"","footnotes":""},"categories":[1],"tags":[],"class_list":["post-3536","post","type-post","status-publish","format-standard","hentry","category-news"],"acf":[],"publishpress_future_action":{"enabled":false,"date":"2026-06-28 05:45:20","action":"change-status","newStatus":"draft","terms":[],"taxonomy":"category","extraData":[]},"publishpress_future_workflow_manual_trigger":{"enabledWorkflows":[]},"_links":{"self":[{"href":"https:\/\/bawso.org.uk\/hu\/wp-json\/wp\/v2\/posts\/3536","targetHints":{"allow":["GET"]}}],"collection":[{"href":"https:\/\/bawso.org.uk\/hu\/wp-json\/wp\/v2\/posts"}],"about":[{"href":"https:\/\/bawso.org.uk\/hu\/wp-json\/wp\/v2\/types\/post"}],"author":[{"embeddable":true,"href":"https:\/\/bawso.org.uk\/hu\/wp-json\/wp\/v2\/users\/6"}],"replies":[{"embeddable":true,"href":"https:\/\/bawso.org.uk\/hu\/wp-json\/wp\/v2\/comments?post=3536"}],"version-history":[{"count":1,"href":"https:\/\/bawso.org.uk\/hu\/wp-json\/wp\/v2\/posts\/3536\/revisions"}],"predecessor-version":[{"id":3539,"href":"https:\/\/bawso.org.uk\/hu\/wp-json\/wp\/v2\/posts\/3536\/revisions\/3539"}],"wp:attachment":[{"href":"https:\/\/bawso.org.uk\/hu\/wp-json\/wp\/v2\/media?parent=3536"}],"wp:term":[{"taxonomy":"category","embeddable":true,"href":"https:\/\/bawso.org.uk\/hu\/wp-json\/wp\/v2\/categories?post=3536"},{"taxonomy":"post_tag","embeddable":true,"href":"https:\/\/bawso.org.uk\/hu\/wp-json\/wp\/v2\/tags?post=3536"}],"curies":[{"name":"munkaf\u00fczet","href":"https:\/\/api.w.org\/{rel}","templated":true}]}}