{"id":1034,"date":"2022-05-27T12:30:48","date_gmt":"2022-05-27T11:30:48","guid":{"rendered":"https:\/\/bawso.org.uk\/?p=1034"},"modified":"2022-09-20T13:01:32","modified_gmt":"2022-09-20T12:01:32","slug":"victims-failed-by-the-uk-government","status":"publish","type":"post","link":"https:\/\/bawso.org.uk\/hu\/2022\/05\/victims-failed-by-the-uk-government\/","title":{"rendered":"Az Egyes\u00fclt Kir\u00e1lys\u00e1g korm\u00e1nya elbukta az \u00e1ldozatokat"},"content":{"rendered":"<p>A k\u00e9nyszermigr\u00e1ci\u00f3, valamint a szexu\u00e1lis \u00e9s nemi alap\u00fa er\u0151szak \u00e1ldozatait cserbenhagyja az Egyes\u00fclt Kir\u00e1lys\u00e1g bev\u00e1ndorl\u00e1si rendszere.<\/p>\n\n\n\n<p>A k\u00e9pen Jane Hutt miniszter, Jo Hopkins a walesi k\u00f6zeg\u00e9szs\u00e9g\u00fcgyt\u0151l, Jenny Phillimore a Birminghami Egyetemt\u0151l \u00e9s Nancy Lidubwi a Baws\u00f3t\u00f3l a SEREDA-jelent\u00e9s bemutat\u00e1sakor.<\/p>\n\n\n\n<p>Az \u00faj kutat\u00e1si jelent\u00e9s, amelyet 2022. m\u00e1jus 24-\u00e9n ind\u00edtottak el Cardiffban, nyugtalan\u00edt\u00f3 bizony\u00edt\u00e9kokra h\u00edvja fel a figyelmet arra vonatkoz\u00f3an, hogy a k\u00e9nyszermigr\u00e1ci\u00f3, a szexu\u00e1lis \u00e9s nemi alap\u00fa er\u0151szak \u00e1ldozatait mik\u00e9nt hagyja szisztematikusan cserben az Egyes\u00fclt Kir\u00e1lys\u00e1g bev\u00e1ndorl\u00e1si rendszere.&nbsp;<\/p>\n\n\n\n<p>A SEREDA projekt, amelyet Jenny Phillimore, a Birminghami Egyetem professzora, a Cardiffi Egyetemmel egy\u00fcttm\u0171k\u00f6dve v\u00e1llalt, 13 t\u00fal\u00e9l\u0151t \u00e9s 13 szolg\u00e1ltat\u00f3t k\u00e9rdeztek meg, k\u00f6zt\u00fck a Baws\u00f3ra hivatkozott \u00e1ldozatokkal.<\/p>\n\n\n\n<p>A SEREDA projekt c\u00e9lja a konfliktus el\u0151l v\u00e9delem ut\u00e1n menek\u00fclt menek\u00fcltek tapasztalatainak meg\u00e9rt\u00e9se volt.&nbsp;<\/p>\n\n\n\n<p>A jelent\u00e9s megjegyzi, hogy m\u00edg n\u00e9h\u00e1ny szolg\u00e1ltat\u00f3 nem rendelkezett megfelel\u0151 t\u00e1mogat\u00e1si rendszerrel az \u00e1ldozatok sz\u00e1m\u00e1ra, Walesben ink\u00e1bb Baws\u00f3hoz ir\u00e1ny\u00edtott\u00e1k az \u00e1ldozatokat t\u00e1mogat\u00e1s\u00e9rt. Ezt a r\u00e9szt vev\u0151 t\u00fal\u00e9l\u0151k bizony\u00edt\u00e9kai is al\u00e1t\u00e1masztj\u00e1k, akik a Baws\u00f3t az egyetlen olyan szervezetk\u00e9nt azonos\u00edtott\u00e1k, amely rendelkezik a k\u00e9nyszermigr\u00e1ci\u00f3, a szexu\u00e1lis \u00e9s nemi alap\u00fa er\u0151szak t\u00fal\u00e9l\u0151inek t\u00e1mogat\u00e1s\u00e1ra szak\u00e9rtelemmel.&nbsp;<\/p>\n\n\n\n<p><strong>Kutat\u00e1si eredm\u00e9nyek<\/strong><\/p>\n\n\n\n<p>A SEREDA projektben megk\u00e9rdezett k\u00e9nyszermigr\u00e1nsokat megk\u00e9rdezt\u00e9k az SGBV-vel kapcsolatos tapasztalataikr\u00f3l. Egyesek egy k\u00fcl\u00f6n\u00e1ll\u00f3 incidenst \u00e9ltek \u00e1t, m\u00edg m\u00e1sok olyan ism\u00e9tl\u0151d\u0151 incidenseket tapasztaltak, amelyek k\u00fcl\u00f6nb\u00f6z\u0151 elk\u00f6vet\u0151k kez\u00e9ben t\u00f6rt\u00e9ntek id\u0151ben \u00e9s helyen.&nbsp;<\/p>\n\n\n\n<p>A kutat\u00f3k az er\u0151szak folytonoss\u00e1ga kifejez\u00e9st haszn\u00e1lt\u00e1k a n\u0151k \u00e1ltal a konfliktus el\u0151tt, alatt \u00e9s ut\u00e1n tapasztalt folyamatos er\u0151szak le\u00edr\u00e1s\u00e1ra. N\u00e9h\u00e1ny v\u00e1laszad\u00f3 tapasztalt szem\u00e9lyk\u00f6zi er\u0151szakot (IPV) \u00e9s az SGBV egy\u00e9b form\u00e1it egyar\u00e1nt. Egy LMBTQIA+ v\u00e1laszad\u00f3 elmagyar\u00e1zta, hogy sz\u00e1rmaz\u00e1si orsz\u00e1g\u00e1ban milyen vesz\u00e9lybe ker\u00fclt az \u00e9lete szexu\u00e1lis identit\u00e1sa miatt.&nbsp;<\/p>\n\n\n\n<p>Az er\u0151szak bizonyos form\u00e1i struktur\u00e1lisak voltak. Az esem\u00e9nyek k\u00f6z\u00e9 tartozik:&nbsp;<\/p>\n\n\n\n<p><strong>Er\u0151szak elmozdul\u00e1s el\u0151tt&nbsp;<\/strong><\/p>\n\n\n\n<p>\u2022 K\u00e9nyszerh\u00e1zass\u00e1g (n\u0151k \u00e9s f\u00e9rfiak) \u00e9s gyermekh\u00e1zass\u00e1g y Csal\u00e1don bel\u00fcli er\u0151szak \u00e9s SGBV&nbsp;<\/p>\n\n\n\n<p>\u2022 Beb\u00f6rt\u00f6nz\u00e9s \u00e9s ellen\u0151rz\u00e9s&nbsp;<\/p>\n\n\n\n<p>\u2022 N\u0151i nemi szerv megcsonk\u00edt\u00e1sa (FGM) \u00e9s az FGM vesz\u00e9lye&nbsp;<\/p>\n\n\n\n<p>\u2022 Egy\u00e9nek vagy csoportok \u00e1ltal elk\u00f6vetett nemi er\u0151szak&nbsp;<\/p>\n\n\n\n<p>\u2022 IPV f\u00e9rj \u00e9s csal\u00e1dja \u00e1ltal&nbsp;<\/p>\n\n\n\n<p>\u2022 Az er\u0151szak normaliz\u00e1l\u00e1sa \u00e9s a b\u00e1ntalmaz\u00f3k b\u00fcntetlens\u00e9ge&nbsp;<\/p>\n\n\n\n<p>\u2022 Szexu\u00e1lis identit\u00e1s miatti hal\u00e1los fenyeget\u00e9s<\/p>\n\n\n\n<p>\u2022 Modern rabszolgas\u00e1g<\/p>\n\n\n\n<p><strong>Er\u0151szak konfliktusban \u00e9s menek\u00fcl\u00e9sben<\/strong><\/p>\n\n\n\n<p>\u2022 Fizikai er\u0151szak \u00e9s SGBV t\u00f6bb elk\u00f6vet\u0151 \u00e1ltal&nbsp;<\/p>\n\n\n\n<p>\u2022 Tranzakci\u00f3s szex \u00e9s emberkeresked\u0151k \u00e1ltal elk\u00f6vetett nemi er\u0151szak&nbsp;<\/p>\n\n\n\n<p>\u2022 Szexu\u00e1lis zaklat\u00e1s szemtan\u00faja&nbsp;<\/p>\n\n\n\n<p>\u2022 Rabszolgas\u00e1g \u00e9s emberrabl\u00e1s<\/p>\n\n\n\n<p><strong>Er\u0151szak Walesben<\/strong>&nbsp;<\/p>\n\n\n\n<p>\u2022 Az IPV fokoz\u00e1sa \u00e9s a bev\u00e1ndorl\u00e1si st\u00e1tusz alkalmaz\u00e1sa az ellen\u0151rz\u00e9sre&nbsp;<\/p>\n\n\n\n<p>\u2022 Diszkrimin\u00e1ci\u00f3 \u00e9s rasszista t\u00e1mad\u00e1s&nbsp;<\/p>\n\n\n\n<p>\u2022 Modern rabszolgas\u00e1g \u00e9s szexkereskedelem&nbsp;<\/p>\n\n\n\n<p>\u2022 Agressz\u00edv \u00e9s hosszadalmas menek\u00fclt\u00fcgyi interj\u00fak&nbsp;<\/p>\n\n\n\n<p>\u2022 A v\u00e1rakoz\u00e1s, a n\u00e9lk\u00fcl\u00f6z\u00e9s \u00e9s a pszich\u00e9s zavarok kapcsolata&nbsp;<\/p>\n\n\n\n<p>\u2022 Zaklat\u00e1s az LMBTQIA+ k\u00e9nyszermigr\u00e1nsok mened\u00e9kjogi lakhelyein&nbsp;<\/p>\n\n\n\n<p>\u2022 FGM miatti elrabl\u00e1s vesz\u00e9ly\u00e9nek kitett gyermekek&nbsp;<\/p>\n\n\n\n<p>\u2022 A modern rabszolgas\u00e1g \u00e1ldozatainak fogva tart\u00e1sa \u00e9s kriminaliz\u00e1l\u00e1sa&nbsp;<\/p>\n\n\n\n<p>\u2022 El\u00e9gtelen szakell\u00e1t\u00e1s a t\u00fal\u00e9l\u0151k sz\u00e1m\u00e1ra \u2013 a kezel\u00e9s hi\u00e1nya s\u00falyosb\u00edtja az \u00e1llapotokat<\/p>\n\n\n\n<p>R\u00e9szletes besz\u00e1mol\u00f3\u00e9rt k\u00e9rj\u00fck, haszn\u00e1lja az al\u00e1bbi linket.<\/p>\n\n\n\n<p><a href=\"https:\/\/www.birmingham.ac.uk\/Documents\/college-social-sciences\/social-policy\/iris\/2021\/sereda-full-report.pdf\">https:\/\/www.birmingham.ac.uk\/Documents\/college-social-sciences\/social-policy\/iris\/2021\/sereda-full-report.pdf<\/a><\/p>\n\n\n\n<p>N\u00e9zze meg az al\u00e1bbi megjegyz\u00e9seket a Twitteren, \u00e9s ossza meg:<\/p>\n\n\n\n<figure class=\"wp-block-embed is-type-rich is-provider-twitter wp-block-embed-twitter\"><div class=\"wp-block-embed__wrapper\">\n<a class=\"twitter-timeline\" data-width=\"640\" data-height=\"960\" data-dnt=\"true\" href=\"https:\/\/twitter.com\/sereda_IRiS?ref_src=twsrc%5Etfw\">sereda_IRiS tweetjei<\/a><script async src=\"https:\/\/platform.twitter.com\/widgets.js\" charset=\"utf-8\"><\/script>\n<\/div><\/figure>","protected":false},"excerpt":{"rendered":"<p>Az \u00faj kutat\u00e1si jelent\u00e9s, amelyet 2022. m\u00e1jus 24-\u00e9n ind\u00edtottak el Cardiffban, nyugtalan\u00edt\u00f3 bizony\u00edt\u00e9kokra h\u00edvja fel a figyelmet arra vonatkoz\u00f3an, hogy a k\u00e9nyszermigr\u00e1ci\u00f3, a szexu\u00e1lis \u00e9s nemi alap\u00fa er\u0151szak \u00e1ldozatait mik\u00e9nt hagyja szisztematikusan cserben az Egyes\u00fclt Kir\u00e1lys\u00e1g bev\u00e1ndorl\u00e1si rendszere.<\/p>","protected":false},"author":1,"featured_media":1036,"comment_status":"open","ping_status":"open","sticky":false,"template":"","format":"standard","meta":{"_acf_changed":false,"_seopress_robots_primary_cat":"none","_seopress_titles_title":"","_seopress_titles_desc":"","_seopress_robots_index":"","footnotes":""},"categories":[1],"tags":[],"class_list":["post-1034","post","type-post","status-publish","format-standard","has-post-thumbnail","hentry","category-news"],"acf":[],"publishpress_future_action":{"enabled":false,"date":"2026-06-29 08:11:37","action":"change-status","newStatus":"draft","terms":[],"taxonomy":"category","extraData":[]},"publishpress_future_workflow_manual_trigger":{"enabledWorkflows":[]},"_links":{"self":[{"href":"https:\/\/bawso.org.uk\/hu\/wp-json\/wp\/v2\/posts\/1034","targetHints":{"allow":["GET"]}}],"collection":[{"href":"https:\/\/bawso.org.uk\/hu\/wp-json\/wp\/v2\/posts"}],"about":[{"href":"https:\/\/bawso.org.uk\/hu\/wp-json\/wp\/v2\/types\/post"}],"author":[{"embeddable":true,"href":"https:\/\/bawso.org.uk\/hu\/wp-json\/wp\/v2\/users\/1"}],"replies":[{"embeddable":true,"href":"https:\/\/bawso.org.uk\/hu\/wp-json\/wp\/v2\/comments?post=1034"}],"version-history":[{"count":2,"href":"https:\/\/bawso.org.uk\/hu\/wp-json\/wp\/v2\/posts\/1034\/revisions"}],"predecessor-version":[{"id":1049,"href":"https:\/\/bawso.org.uk\/hu\/wp-json\/wp\/v2\/posts\/1034\/revisions\/1049"}],"wp:featuredmedia":[{"embeddable":true,"href":"https:\/\/bawso.org.uk\/hu\/wp-json\/wp\/v2\/media\/1036"}],"wp:attachment":[{"href":"https:\/\/bawso.org.uk\/hu\/wp-json\/wp\/v2\/media?parent=1034"}],"wp:term":[{"taxonomy":"category","embeddable":true,"href":"https:\/\/bawso.org.uk\/hu\/wp-json\/wp\/v2\/categories?post=1034"},{"taxonomy":"post_tag","embeddable":true,"href":"https:\/\/bawso.org.uk\/hu\/wp-json\/wp\/v2\/tags?post=1034"}],"curies":[{"name":"munkaf\u00fczet","href":"https:\/\/api.w.org\/{rel}","templated":true}]}}